{"id":231108,"date":"2023-09-11T09:35:38","date_gmt":"2023-09-11T13:35:38","guid":{"rendered":"https:\/\/northernhearinghealth.ca\/blog\/hearing-loss-and-social-isolation\/"},"modified":"2025-09-02T03:53:21","modified_gmt":"2025-09-02T07:53:21","slug":"perte-auditive-et-isolement-social","status":"publish","type":"post","link":"https:\/\/northernhearinghealth.ca\/fr\/blog\/perte-auditive-et-isolement-social\/","title":{"rendered":"Perte auditive et isolement social"},"content":{"rendered":"\n<p>L&rsquo;isolement social est d\u00e9fini comme une solitude qui peut affecter la sant\u00e9, les personnes socialement isol\u00e9es ayant moins de contacts quotidiens avec les autres, moins de relations \u00e9panouissantes et un manque g\u00e9n\u00e9ral de sentiment d&rsquo;appartenance. Selon le Surgeon General des \u00c9tats-Unis, l&rsquo;isolement social est une \u00e9pid\u00e9mie croissante et est associ\u00e9 \u00e0 \u00ab\u00a0une r\u00e9duction de la dur\u00e9e de vie similaire \u00e0 celle caus\u00e9e par le fait de fumer 15 cigarettes par jour\u00a0\u00bb. Statistique Canada signale que l&rsquo;isolement social des personnes \u00e2g\u00e9es est particuli\u00e8rement pr\u00e9occupant et que plus de 30 % des a\u00een\u00e9s canadiens courent un risque \u00e9lev\u00e9.<\/p>\n\n\n\n<p>La litt\u00e9rature \u00e9tablit de nombreux liens entre la perte auditive et l&rsquo;isolement social. La perte auditive, dans la mesure o\u00f9 elle est li\u00e9e \u00e0 la sant\u00e9 en g\u00e9n\u00e9ral, a souvent \u00e9t\u00e9 rel\u00e9gu\u00e9e au second plan dans les soins de sant\u00e9. Nombreux sont ceux qui pensent que la perte auditive n&rsquo;est qu&rsquo;une nuisance mineure. Cependant, elle a un impact beaucoup plus important que la plupart des gens ne l&rsquo;imaginent.<\/p>\n\n\n\n<p>La perte auditive est le troisi\u00e8me probl\u00e8me de sant\u00e9 chronique le plus r\u00e9pandu chez les personnes \u00e2g\u00e9es, apr\u00e8s l&rsquo;hypertension et l&rsquo;arthrite. Malgr\u00e9 sa pr\u00e9valence, nombreux sont ceux qui ne consultent pas les services de sant\u00e9 auditive, ce qui fait que la perte auditive n&rsquo;est ni d\u00e9tect\u00e9e ni trait\u00e9e.<\/p>\n\n\n\n<p>Les personnes souffrant d&rsquo;une perte auditive trouvent g\u00e9n\u00e9ralement la communication plus difficile, en particulier dans les environnements bruyants.Lorsque l&rsquo;\u00e9coute devient plus difficile, elle demande plus d&rsquo;efforts et entra\u00eene donc de la fatigue.Les personnes commencent souvent \u00e0 s&rsquo;engager moins dans la conversation et peuvent commencer \u00e0 \u00e9viter les activit\u00e9s sociales, choisissant plut\u00f4t de se retirer et de s&rsquo;isoler. Ce qui \u00e9tait agr\u00e9able devient stressant et fatigant.Il a \u00e9t\u00e9 d\u00e9montr\u00e9 que l&rsquo;isolement affecte la sant\u00e9 mentale et peut conduire \u00e0 la d\u00e9pression et au d\u00e9clin cognitif.La communication est le moyen par lequel nous nous connectons aux autres, ce qui nous permet de rester impliqu\u00e9s dans la vie.<\/p>\n\n\n\n<p>Les personnes \u00e2g\u00e9es qui traitent leur perte auditive font \u00e9tat de meilleures relations avec leur famille, d&rsquo;une plus grande confiance en elles, d&rsquo;une meilleure sant\u00e9 mentale, d&rsquo;une plus grande ind\u00e9pendance et d&rsquo;une plus grande s\u00e9curit\u00e9. Ces avantages positifs permettent aux personnes souffrant de perte auditive de s&rsquo;impliquer davantage dans le monde qui les entoure.Compte tenu des cons\u00e9quences n\u00e9gatives associ\u00e9es \u00e0 une perte auditive non trait\u00e9e et des effets sur la qualit\u00e9 de vie et les relations, l&rsquo;\u00e9valuation de l&rsquo;audition devrait faire partie des contr\u00f4les de sant\u00e9 de routine, un test de base \u00e9tant recommand\u00e9 apr\u00e8s l&rsquo;\u00e2ge de 50 ans.<\/p>\n\n\n\n<p>Comme pour tout ce qui touche \u00e0 la sant\u00e9, une intervention pr\u00e9coce permet d&rsquo;obtenir de meilleurs r\u00e9sultats. Soyez proactifs, faites contr\u00f4ler et surveiller votre audition. Votre m\u00e9decin de famille n&rsquo;a pas besoin de vous recommander.<\/p>\n","protected":false},"excerpt":{"rendered":"<p>Social isolation is defined as loneliness that can affect health with socially isolated individuals having less day-to-day contact with others, fewer fulfilling relationships, and an overall lack of a sense of belonging. According to the Surgeon General of the United States, social isolation is a growing epidemic and is associated with \u201ca reduction in lifespan similar to that caused by smoking 15 cigarettes a day\u201d. <\/p>\n","protected":false},"author":2,"featured_media":230632,"comment_status":"closed","ping_status":"closed","sticky":false,"template":"","format":"standard","meta":{"_acf_changed":false,"footnotes":""},"categories":[26,27],"tags":[],"class_list":["post-231108","post","type-post","status-publish","format-standard","has-post-thumbnail","hentry","category-hearing-loss-fr","category-social-impact-fr"],"acf":[],"_links":{"self":[{"href":"https:\/\/northernhearinghealth.ca\/fr\/wp-json\/wp\/v2\/posts\/231108","targetHints":{"allow":["GET"]}}],"collection":[{"href":"https:\/\/northernhearinghealth.ca\/fr\/wp-json\/wp\/v2\/posts"}],"about":[{"href":"https:\/\/northernhearinghealth.ca\/fr\/wp-json\/wp\/v2\/types\/post"}],"author":[{"embeddable":true,"href":"https:\/\/northernhearinghealth.ca\/fr\/wp-json\/wp\/v2\/users\/2"}],"replies":[{"embeddable":true,"href":"https:\/\/northernhearinghealth.ca\/fr\/wp-json\/wp\/v2\/comments?post=231108"}],"version-history":[{"count":3,"href":"https:\/\/northernhearinghealth.ca\/fr\/wp-json\/wp\/v2\/posts\/231108\/revisions"}],"predecessor-version":[{"id":231443,"href":"https:\/\/northernhearinghealth.ca\/fr\/wp-json\/wp\/v2\/posts\/231108\/revisions\/231443"}],"wp:featuredmedia":[{"embeddable":true,"href":"https:\/\/northernhearinghealth.ca\/fr\/wp-json\/wp\/v2\/media\/230632"}],"wp:attachment":[{"href":"https:\/\/northernhearinghealth.ca\/fr\/wp-json\/wp\/v2\/media?parent=231108"}],"wp:term":[{"taxonomy":"category","embeddable":true,"href":"https:\/\/northernhearinghealth.ca\/fr\/wp-json\/wp\/v2\/categories?post=231108"},{"taxonomy":"post_tag","embeddable":true,"href":"https:\/\/northernhearinghealth.ca\/fr\/wp-json\/wp\/v2\/tags?post=231108"}],"curies":[{"name":"wp","href":"https:\/\/api.w.org\/{rel}","templated":true}]}}